{"id":1116,"date":"2024-07-10T15:48:20","date_gmt":"2024-07-10T18:48:20","guid":{"rendered":"https:\/\/produba.com\/?p=1116"},"modified":"2024-07-10T15:50:06","modified_gmt":"2024-07-10T18:50:06","slug":"olavarria-nueva-convocatoria-a-productores-para-mercados-bonaerenses","status":"publish","type":"post","link":"https:\/\/produba.com\/index.php\/2024\/07\/10\/olavarria-nueva-convocatoria-a-productores-para-mercados-bonaerenses\/","title":{"rendered":"Olavarr\u00eda: nueva convocatoria a productores para participar de Mercados Bonaerenses"},"content":{"rendered":"\n<h5>El gobierno municipal olavarriense convoca a productores para sumarse al programa provincial, que busca fomentar la producci\u00f3n y comercializaci\u00f3n de alimentos.<\/h5>\n\n\n\n<p>Desde la Secretar\u00eda de Desarrollo Econ\u00f3mico y Productivo del Municipio de Olavarr\u00eda, a trav\u00e9s de la Coordinaci\u00f3n de Econom\u00eda Popular, informaron que se encuentra abierta la convocatoria para peque\u00f1os productores y elaboradores de alimentos para ser parte del programa <strong>\u201cMercados Bonaerenses\u201d<\/strong>.<\/p>\n\n\n\n<p>Las personas interesadas podr\u00e1n sumarse a trav\u00e9s del formulario online al que se accede haciendo <em><a href=\"https:\/\/docs.google.com\/forms\/d\/e\/1FAIpQLSek5-Z_ZYGxNGXSyZpotxpRyDmU_941mtnbBO8YkxetxfMTqg\/viewform\">click aqu\u00ed<\/a><\/em>.<\/p>\n\n\n\n<p>Desde el \u00e1rea se detall\u00f3 que la convocatoria tiene car\u00e1cter de preinscripci\u00f3n. Una vez cerrada esta etapa, desde la Coordinaci\u00f3n de Econom\u00eda Popular se pondr\u00e1n en contacto para realizar una visita y confirmar la participaci\u00f3n.<\/p>\n\n\n\n<p>Los rubros que podr\u00e1n inscribirse son: frutas y verduras, miel, dulces y conservas, semillas, chocolates, bebidas, quesos, panificados, huevos, plantas y plantines, condimentos, alfajores e infusiones. En el caso de los rubros que corresponda, deber\u00e1 contar con Certificado PUPAA y\/o REPUPAA y Curso de Manipulaci\u00f3n de Alimentos. <\/p>\n\n\n\n<p>El Programa \u201cMercados Bonaerenses\u201d tiene por objetivo fortalecer y asistir experiencias de producci\u00f3n, comercializaci\u00f3n y abastecimiento local de agroalimentos, que se desarrollen en el \u00e1mbito de la provincia de Buenos Aires; como as\u00ed tambi\u00e9n fomentar la producci\u00f3n y el consumo de \u201cAlimentos Bonaerenses\u201d a trav\u00e9s de la asistencia, formalizaci\u00f3n y capacitaci\u00f3n a productores, comercializadores y municipios, para crear, ampliar y fortalecer mercados y ferias de alimentos fijas o itinerantes.<\/p>\n","protected":false},"excerpt":{"rendered":"<p>El gobierno municipal olavarriense convoca a productores para sumarse al programa provincial, que busca fomentar la producci\u00f3n y comercializaci\u00f3n de alimentos. Desde la Secretar\u00eda de Desarrollo Econ\u00f3mico y Productivo del Municipio de Olavarr\u00eda, a trav\u00e9s de la Coordinaci\u00f3n de Econom\u00eda Popular, informaron que se encuentra abierta la convocatoria para peque\u00f1os productores y elaboradores de alimentos &#8230;<\/p>\n","protected":false},"author":1,"featured_media":1117,"comment_status":"closed","ping_status":"closed","sticky":false,"template":"","format":"standard","meta":{"loftocean_post_format_gallery":"","loftocean_post_format_gallery_ids":"","loftocean_post_format_gallery_urls":"","loftocean_post_format_video_id":0,"loftocean_post_format_video_url":"","loftocean_post_format_video_type":"","loftocean_post_format_video":"","loftocean_post_format_audio_type":"","loftocean_post_format_audio_url":"","loftocean_post_format_audio_id":0,"loftocean_post_format_audio":"","loftocean-featured-post":"","loftocean-like-count":0,"loftocean-view-count":198,"loftocean_coauthors":"","alpaca_post_content_reading_setting":"","alpaca_reading_speed_per_minute":0,"alpaca_reading_speed_unit":"","alpaca_single_post_template_layout":""},"categories":[4,6,3],"tags":[182,58,151],"loftoceanMetas":{"readingTime":"&lt; 1 minuto de lectura","authorName":"ProduBA","categories":[{"name":"Desarrollo Local","link":"https:\/\/produba.com\/index.php\/category\/desarrollo_local\/","count":196},{"name":"Municipios","link":"https:\/\/produba.com\/index.php\/category\/municipios\/","count":379},{"name":"Producci\u00f3n","link":"https:\/\/produba.com\/index.php\/category\/produccion\/","count":401}],"date":"10 de julio de 2024","featuredImageSRC":"https:\/\/produba.com\/wp-content\/uploads\/2024\/07\/Mercados-Bonaerenses-Olavarria-150x150.jpg"},"_links":{"self":[{"href":"https:\/\/produba.com\/index.php\/wp-json\/wp\/v2\/posts\/1116"}],"collection":[{"href":"https:\/\/produba.com\/index.php\/wp-json\/wp\/v2\/posts"}],"about":[{"href":"https:\/\/produba.com\/index.php\/wp-json\/wp\/v2\/types\/post"}],"author":[{"embeddable":true,"href":"https:\/\/produba.com\/index.php\/wp-json\/wp\/v2\/users\/1"}],"replies":[{"embeddable":true,"href":"https:\/\/produba.com\/index.php\/wp-json\/wp\/v2\/comments?post=1116"}],"version-history":[{"count":2,"href":"https:\/\/produba.com\/index.php\/wp-json\/wp\/v2\/posts\/1116\/revisions"}],"predecessor-version":[{"id":1119,"href":"https:\/\/produba.com\/index.php\/wp-json\/wp\/v2\/posts\/1116\/revisions\/1119"}],"wp:featuredmedia":[{"embeddable":true,"href":"https:\/\/produba.com\/index.php\/wp-json\/wp\/v2\/media\/1117"}],"wp:attachment":[{"href":"https:\/\/produba.com\/index.php\/wp-json\/wp\/v2\/media?parent=1116"}],"wp:term":[{"taxonomy":"category","embeddable":true,"href":"https:\/\/produba.com\/index.php\/wp-json\/wp\/v2\/categories?post=1116"},{"taxonomy":"post_tag","embeddable":true,"href":"https:\/\/produba.com\/index.php\/wp-json\/wp\/v2\/tags?post=1116"}],"curies":[{"name":"wp","href":"https:\/\/api.w.org\/{rel}","templated":true}]}}